[{"@context":"https:\/\/schema.org\/","@type":"Article","@id":"https:\/\/www.anel.cz\/krasa-kolem\/#Article","mainEntityOfPage":"https:\/\/www.anel.cz\/krasa-kolem\/","headline":"Kr\u00e1sa kolem","name":"Kr\u00e1sa kolem","description":"Kr\u00e1sa je n\u011bco, co ka\u017ed\u00fd \u010dlov\u011bk vn\u00edm\u00e1 \u00fapln\u011b jinak. Kdy\u017e se \u010dlov\u011bku n\u011bco l\u00edb\u00ed, tak to p\u0159ece neznamen\u00e1, \u017ee se to bude l\u00edbit \u00fapln\u011b ka\u017ed\u00e9mu \u010dlov\u011bku. A to mysl\u00edm nap\u0159\u00edklad t\u0159eba barvy oble\u010den\u00ed. J\u00e1 jsem naprosto zbl\u00e1zn\u011bn\u00e1 do r\u016f\u017eov\u00e9 barvy. A miluji tak\u00e9 \u010dernou barvu. A nejlep\u0161\u00ed je, kdy\u017e se sm\u00edch\u00e1 r\u016f\u017eov\u00e1 a \u010dern\u00e1 barva. [&hellip;]","datePublished":"2023-01-01","dateModified":"2023-06-01","author":{"@type":"Person","@id":"https:\/\/www.anel.cz\/author\/#Person","name":"","url":"https:\/\/www.anel.cz\/author\/","identifier":1,"image":{"@type":"ImageObject","@id":"https:\/\/secure.gravatar.com\/avatar\/ccdd701717dc93db07d73e0c11dbbb8b91524cccc3bfbd3baea83667a3ebf5d6?s=96&d=mm&r=g","url":"https:\/\/secure.gravatar.com\/avatar\/ccdd701717dc93db07d73e0c11dbbb8b91524cccc3bfbd3baea83667a3ebf5d6?s=96&d=mm&r=g","height":96,"width":96}},"publisher":{"@type":"Organization","name":"anel.cz","logo":{"@type":"ImageObject","@id":"\/logo.png","url":"\/logo.png","width":600,"height":60}},"image":{"@type":"ImageObject","@id":"https:\/\/www.anel.cz\/wp-content\/uploads\/balloons-1786430_1280_1.jpg","url":"https:\/\/www.anel.cz\/wp-content\/uploads\/balloons-1786430_1280_1.jpg","height":0,"width":0},"url":"https:\/\/www.anel.cz\/krasa-kolem\/","about":["Kr\u00e1sa"],"wordCount":438,"articleBody":"Kr\u00e1sa je n\u011bco, co ka\u017ed\u00fd \u010dlov\u011bk vn\u00edm\u00e1 \u00fapln\u011b jinak. Kdy\u017e se \u010dlov\u011bku n\u011bco l\u00edb\u00ed, tak to p\u0159ece neznamen\u00e1, \u017ee se to bude l\u00edbit \u00fapln\u011b ka\u017ed\u00e9mu \u010dlov\u011bku. A to mysl\u00edm nap\u0159\u00edklad t\u0159eba barvy oble\u010den\u00ed. J\u00e1 jsem naprosto zbl\u00e1zn\u011bn\u00e1 do r\u016f\u017eov\u00e9 barvy. A miluji tak\u00e9 \u010dernou barvu. A nejlep\u0161\u00ed je, kdy\u017e se sm\u00edch\u00e1 r\u016f\u017eov\u00e1 a \u010dern\u00e1 barva. M\u00e1m r\u00e1da tuto kombinaci, proto\u017ee je to opravdu perfektn\u00ed kontrast a mn\u011b se tohle l\u00edb\u00ed. Miluji barevn\u00e9 kontrasty! Je to opravdov\u00e1 kr\u00e1sa. Proto jsem tak\u00e9 opravdu nad\u0161en\u00e1, kdy\u017e p\u0159\u00edtel souhlasil s t\u00edm, \u017ee si po\u0159\u00edd\u00edme \u010dernou seda\u010dku a na tuto seda\u010dku d\u00e1me kombinaci \u010dern\u00fdch a opravdu sv\u00edtiv\u011b r\u016f\u017eov\u00fdch pol\u0161t\u00e1\u0159ku. A ze za\u010d\u00e1tku p\u0159\u00edtel tak\u00e9 chv\u00edli v\u00e1hal a nezd\u00e1ly se mu tam ty sv\u00edtiv\u00e9 r\u016f\u017eov\u00e9 pol\u0161t\u00e1\u0159ky. Jenom\u017ee kdy\u017e se mu to potom uk\u00e1zala na po\u010d\u00edta\u010di, jak by to p\u0159ibli\u017en\u011b vypadalo, tak on s\u00e1m mi \u0159ekl, \u017ee to asi nebude probl\u00e9m, \u017ee to vypad\u00e1 skv\u011ble. Ale up\u0159\u00edmn\u011b. \u0158eknu v\u00e1m, \u017ee i kdyby p\u0159\u00edtel s t\u00edmhle v\u016fbec nesouhlasil, tak se ho pt\u00e1t v\u016fbec nebudu. Prost\u011b koup\u00edm \u010dernou seda\u010dku, koup\u00edm t\u0159i \u010dern\u00e9 pol\u0161t\u00e1\u0159ky a potom t\u0159i r\u016f\u017eov\u00e9 pol\u0161t\u00e1\u0159ky a bylo by vystar\u00e1no. Tak\u00e9 jsem si \u0159ekla, \u017ee bych tuto kombinaci rozbila tak\u00e9 mo\u017en\u00e9 jedn\u00edm \u017elut\u00fdm pol\u0161t\u00e1\u0159kem, to by bylo potom takov\u00e9 v\u00edce zaj\u00edmav\u00e9.Kdy\u017e jsem tohle je\u0161t\u011b navrhla p\u0159\u00edteli, tak on \u0159ekl, \u017ee to opravdu perfektn\u00ed n\u00e1pad. Opravdu to bude vypadat skv\u011ble a kr\u00e1sn\u011b. M\u011b se tyto kr\u00e1sy dom\u00e1cnosti l\u00edb\u00ed a jsem r\u00e1da, kdy\u017e m\u016f\u017eu m\u00edt opravdu vylad\u011bn\u00fd a designov\u00fd interi\u00e9r. A k dokonal\u00e9mu interi\u00e9ru mi p\u0159ijdou tak\u00e9 barvy. Vypad\u00e1 to v\u017edycky v\u00edce kr\u00e1sn\u011b, ne\u017e kdy\u017e je bydlen\u00ed takov\u00e9 neosobn\u00ed. A j\u00e1 m\u00e1m tak\u00e9 v\u0161ude fotky. A l\u00edb\u00ed se mi, kdy\u017e je v dom\u00e1cnosti opravdu hodn\u011b fotek, proto\u017ee mi to p\u0159ijde takov\u00e9 v\u00edce rodinn\u011bj\u0161\u00ed a v\u00edce dom\u00e1ck\u00e9. A tak\u00e9 v\u00edm, \u017ee kdy\u017e se jedn\u00e1 o kr\u00e1su, tak i \u017eena by si p\u0159\u00e1la b\u00fdt kr\u00e1sn\u00e1. Ka\u017ed\u00e1 \u017eena chce kr\u00e1sn\u00e9 vlasy a dokonalou\u00a0ple\u0165 a hebkou tv\u00e1\u0159.                                                                                                                                                                                                                                                                                                                                                                                        4.4\/5 - (7 votes)        "},{"@context":"https:\/\/schema.org\/","@type":"BreadcrumbList","itemListElement":[{"@type":"ListItem","position":1,"name":"Kr\u00e1sa kolem","item":"https:\/\/www.anel.cz\/krasa-kolem\/#breadcrumbitem"}]}]