[{"@context":"https:\/\/schema.org\/","@type":"Article","@id":"https:\/\/www.anel.cz\/muj-styl\/#Article","mainEntityOfPage":"https:\/\/www.anel.cz\/muj-styl\/","headline":"M\u016fj styl","name":"M\u016fj styl","description":"Mysl\u00edte si, \u017ee \u017eivotn\u00ed styl by se m\u011bl vyu\u010dovat ve \u0161kole? Pokud ano, tak j\u00e1 s v\u00e1mi souhlas\u00edm. Proto\u017ee kdy\u017e se tak d\u00edv\u00e1m okolo sebe a vid\u00edm lidi, kte\u0159\u00ed \u017eij\u00ed opravdu nezdrav\u011b, tak se mi chce z toho opravdu n\u011bkdy bre\u010det. Pr\u010d se lid\u00e9 mus\u00ed ni\u010dit? Nel\u00edb\u00ed se mi, kdy\u017e jsou t\u0159eba mlad\u00ed lid\u00e9 a [&hellip;]","datePublished":"2023-01-28","dateModified":"2023-07-28","author":{"@type":"Person","@id":"https:\/\/www.anel.cz\/author\/#Person","name":"","url":"https:\/\/www.anel.cz\/author\/","identifier":1,"image":{"@type":"ImageObject","@id":"https:\/\/secure.gravatar.com\/avatar\/ccdd701717dc93db07d73e0c11dbbb8b91524cccc3bfbd3baea83667a3ebf5d6?s=96&d=mm&r=g","url":"https:\/\/secure.gravatar.com\/avatar\/ccdd701717dc93db07d73e0c11dbbb8b91524cccc3bfbd3baea83667a3ebf5d6?s=96&d=mm&r=g","height":96,"width":96}},"publisher":{"@type":"Organization","name":"anel.cz","logo":{"@type":"ImageObject","@id":"\/logo.png","url":"\/logo.png","width":600,"height":60}},"image":{"@type":"ImageObject","@id":"https:\/\/www.anel.cz\/wp-content\/uploads\/garden-783344_1280.jpg","url":"https:\/\/www.anel.cz\/wp-content\/uploads\/garden-783344_1280.jpg","height":0,"width":0},"url":"https:\/\/www.anel.cz\/muj-styl\/","about":["\u017divotn\u00ed styl"],"wordCount":428,"articleBody":"Mysl\u00edte si, \u017ee \u017eivotn\u00ed styl by se m\u011bl vyu\u010dovat ve \u0161kole? Pokud ano, tak j\u00e1 s v\u00e1mi souhlas\u00edm. Proto\u017ee kdy\u017e se tak d\u00edv\u00e1m okolo sebe a vid\u00edm lidi, kte\u0159\u00ed \u017eij\u00ed opravdu nezdrav\u011b, tak se mi chce z toho opravdu n\u011bkdy bre\u010det. Pr\u010d se lid\u00e9 mus\u00ed ni\u010dit? Nel\u00edb\u00ed se mi, kdy\u017e jsou t\u0159eba mlad\u00ed lid\u00e9 a ni\u010d\u00ed si sv\u016fj \u017eivot a tak\u00e9 zdrav\u00ed, a to \u00fapln\u011b zbyte\u010dn\u011b. A tak\u00e9 se mi nel\u00edb\u00ed, kdy\u017e t\u0159eba u\u017e d\u011bti pij\u00ed alkohol anebo kou\u0159\u00ed cigarety. Je to opravdu hrozn\u00e9! J\u00e1 v\u00edm, \u017ee d\u011bti jsou jako nas\u00e1vac\u00ed houba, \u017ee v\u0161echno do sebe nasaj\u00ed, co v\u0161echno kolem sebe vid\u00ed nebo tak\u00e9 sly\u0161\u00ed. J\u00e1 to ch\u00e1pu a nem\u00e1m to ani t\u011bm d\u011btem za zl\u00e9,\u00a0kdy\u017e to\u00a0ty d\u011bti vid\u00ed. Kde si maj\u00ed vz\u00edt p\u0159\u00edklad zdrav\u00e9ho \u017eivotn\u00edho stylu, kdy\u017e jejich rodi\u010de jsou takov\u00ed, \u017ee tak\u00e9 \u017eij\u00ed nezdrav\u011b? Podle m\u00e9ho n\u00e1zoru by ka\u017ed\u00fd rodi\u010d m\u011bl db\u00e1t hlavn\u011b na to, aby jeho d\u011bti byly opravdu skv\u011bl\u00e9 a dob\u0159e vychovan\u00e9. Nic lep\u0161\u00edho jim pak do \u017eivota d\u00e1t ano nem\u016f\u017eete. Nen\u00ed nic jednodu\u0161\u0161\u00edho, ne\u017e b\u00fdt p\u0159\u00edkladem sv\u00e9mu d\u00edt\u011bti anebo komukoliv z rodiny. Je dob\u0159e, jak u\u017e to, tak b\u00fdv\u00e1, tak v\u011bt\u0161inou ty rodiny, kde je \u0161patn\u00fd p\u0159\u00edklad u\u017e z generace na generaci, tak u nich nem\u00e1 nikdo takov\u00fd zdrav\u00fd \u017eivotn\u00ed styl, kter\u00fd by st\u00e1l za to. A to j\u00e1 jsem \u00fapln\u011b jin\u00e1. Proto\u017ee opravdu si nedok\u00e1\u017ee p\u0159edstavit takov\u00fd \u017eivot, \u017ee bych st\u00e1le jenom pila alkohol a \u017eila divok\u00fd \u017eivot.M\u00e1m r\u00e1da sv\u016fj styl \u017eivota. M\u00e1m zdrav\u00fd \u017eivotn\u00ed styl, proto\u017ee m\u011b to bav\u00ed a tak\u00e9 jsem vyu\u010den\u00e1 kucha\u0159ka a tak\u00e9 nutri\u010dn\u00ed poradkyn\u011b. Tak pr\u00e1v\u011b jako nutri\u010dn\u00ed poradkyn\u011b je naprosto jasn\u00e9, \u017ee budu tak\u00e9 m\u00edt r\u00e1da zdrav\u00fd \u017eivotn\u00ed styl a v\u0161echno kolem n\u011bj. A to v\u010detn\u011b stravov\u00e1n\u00ed a tak\u00e9 pohybu. A v\u00e1m rad\u00edm tak\u00e9, \u017ee na zm\u011bnu k lep\u0161\u00edmu nen\u00ed opravdu nikdy pozd\u011b. Mnoho lid\u00ed ale na zdrav\u00fd \u017eivotn\u00ed styl ka\u0161le nebo mi st\u00e1le dokola \u0159\u00edk\u00e1, \u017ee to vyjde na velk\u00e9 pen\u00edze nebo na to nemaj\u00ed \u010das. Podle m\u011b je to \u0161koda.\u00a0\u017divotn\u00ed styl si hl\u00eddejte, a\u0165 je perfektn\u00ed. Nikdy\u00a0nepolevte ve sv\u00fdch preferenc\u00edch!                                                                                                                                                                                                                                                                                                                                                                                        4.1\/5 - (14 votes)        "},{"@context":"https:\/\/schema.org\/","@type":"BreadcrumbList","itemListElement":[{"@type":"ListItem","position":1,"name":"M\u016fj styl","item":"https:\/\/www.anel.cz\/muj-styl\/#breadcrumbitem"}]}]