[{"@context":"https:\/\/schema.org\/","@type":"Article","@id":"https:\/\/www.anel.cz\/obleceni-do-butiku\/#Article","mainEntityOfPage":"https:\/\/www.anel.cz\/obleceni-do-butiku\/","headline":"Oble\u010den\u00ed do butiku","name":"Oble\u010den\u00ed do butiku","description":"Pokud pr\u00e1v\u011b rozj\u00ed\u017ed\u00edte sv\u016fj vlastn\u00ed byznys a zam\u011b\u0159ujete se na m\u00f3dn\u00ed textil, jist\u011b v\u00edte, \u017ee nejd\u016fle\u017eit\u011bj\u0161\u00ed je, vybrat si spr\u00e1vn\u00e9ho dodavatele textilu pro v\u00e1\u0161 butik. Bez toho to samoz\u0159ejm\u011b fungovat nebude, pokud si tedy nehodl\u00e1te zbo\u017e\u00ed do sv\u00e9ho butiku \u0161\u00edt sami. Pokud se v tomto odv\u011btv\u00ed p\u0159\u00edli\u0161 neorientujete, jist\u011b nen\u00ed od v\u011bci, nechat si poradit. [&hellip;]","datePublished":"2025-03-11","dateModified":"2025-03-11","author":{"@type":"Person","@id":"https:\/\/www.anel.cz\/author\/#Person","name":"","url":"https:\/\/www.anel.cz\/author\/","identifier":1,"image":{"@type":"ImageObject","@id":"https:\/\/secure.gravatar.com\/avatar\/ccdd701717dc93db07d73e0c11dbbb8b91524cccc3bfbd3baea83667a3ebf5d6?s=96&d=mm&r=g","url":"https:\/\/secure.gravatar.com\/avatar\/ccdd701717dc93db07d73e0c11dbbb8b91524cccc3bfbd3baea83667a3ebf5d6?s=96&d=mm&r=g","height":96,"width":96}},"publisher":{"@type":"Organization","name":"anel.cz","logo":{"@type":"ImageObject","@id":"\/logo.png","url":"\/logo.png","width":600,"height":60}},"url":"https:\/\/www.anel.cz\/obleceni-do-butiku\/","wordCount":226,"articleBody":"Pokud pr\u00e1v\u011b rozj\u00ed\u017ed\u00edte sv\u016fj vlastn\u00ed byznys a zam\u011b\u0159ujete se na m\u00f3dn\u00ed textil, jist\u011b v\u00edte, \u017ee nejd\u016fle\u017eit\u011bj\u0161\u00ed je, vybrat si spr\u00e1vn\u00e9ho dodavatele textilu pro v\u00e1\u0161 butik. Bez toho to samoz\u0159ejm\u011b fungovat nebude, pokud si tedy nehodl\u00e1te zbo\u017e\u00ed do sv\u00e9ho butiku \u0161\u00edt sami. Pokud se v tomto odv\u011btv\u00ed p\u0159\u00edli\u0161 neorientujete, jist\u011b nen\u00ed od v\u011bci, nechat si poradit. Dodavatel\u016f textiln\u00edho zbo\u017e\u00ed najdete v na\u0161\u00ed republice opravdu hodn\u011b. Samoz\u0159ejm\u011b si tak\u00e9 m\u016f\u017eete objedn\u00e1vat textil z ciziny. Jednodu\u0161\u0161\u00ed v\u0161ak je vybrat si na na\u0161em \u00fazem\u00ed. Pokud v\u00e1m velkoobchod oble\u010den\u00ed wolf nic ne\u0159\u00edk\u00e1, mo\u017en\u00e1 je na \u010dase roz\u0161\u00ed\u0159it si pov\u011bdom\u00ed. Rozumn\u00e9 ceny Na\u0161e spole\u010dnost v\u00e1m nab\u00edz\u00ed kvalitn\u00ed, zna\u010dkov\u00fd textil za velmi rozumn\u00e9 ceny. Pokud chcete dob\u0159e prodat, mus\u00edte tak\u00e9 dob\u0159e nakoupit, to je jasn\u00e9. Jist\u011b je v\u00e1m tak\u00e9 dob\u0159e zn\u00e1mo, \u017ee z\u00e1kazn\u00edci sice ocen\u00ed kvalitn\u00ed a zna\u010dkov\u00fd textil, nicm\u00e9n\u011b horentn\u00ed sumy za n\u011bj utr\u00e1cet opravdu nebudou. Pokud si v\u0161ak za sv\u00e9ho dodavatele vyberete na\u0161\u00ed spole\u010dnost, budete sv\u00fdm z\u00e1kazn\u00edk\u016fm moci nab\u00eddnout zbo\u017e\u00ed za velmi p\u0159\u00edjemn\u00e9 ceny. A to va\u0161i z\u00e1kazn\u00edci ocen\u00ed p\u0159edev\u0161\u00edm.                                                                                                                                                                                                                                                                                                                                                                                                "},{"@context":"https:\/\/schema.org\/","@type":"BreadcrumbList","itemListElement":[{"@type":"ListItem","position":1,"name":"Oble\u010den\u00ed do butiku","item":"https:\/\/www.anel.cz\/obleceni-do-butiku\/#breadcrumbitem"}]}]