[{"@context":"https:\/\/schema.org\/","@type":"Article","@id":"https:\/\/www.anel.cz\/pevne-prepravky\/#Article","mainEntityOfPage":"https:\/\/www.anel.cz\/pevne-prepravky\/","headline":"Pevn\u00e9 p\u0159epravky","name":"Pevn\u00e9 p\u0159epravky","description":"V\u017edycky jsem si \u0159\u00edkala, \u017ee je lep\u0161\u00ed m\u00edt doma v\u017edycky n\u011bco pro p\u0159\u00edpad nouze, ne\u017e kdy\u017e n\u011bco potom pot\u0159ebujete a doma to v\u016fbec nem\u00e1te. A kdy\u017e jsem tohle \u0159ekla sv\u00e9 rodin\u011b, tak v\u017edycky jenom kroutili hlavou. Proto\u017ee moje rodina mi potom v\u017edycky \u0159\u00edkala, \u017ee jsem takov\u00e1 vete\u0161nice, \u017ee jenom pr\u00fd sb\u00edr\u00e1m n\u011bjak\u00e9 v\u011bci, kter\u00e9 potom [&hellip;]","datePublished":"2023-03-28","dateModified":"2023-07-24","author":{"@type":"Person","@id":"https:\/\/www.anel.cz\/author\/#Person","name":"","url":"https:\/\/www.anel.cz\/author\/","identifier":1,"image":{"@type":"ImageObject","@id":"https:\/\/secure.gravatar.com\/avatar\/ccdd701717dc93db07d73e0c11dbbb8b91524cccc3bfbd3baea83667a3ebf5d6?s=96&d=mm&r=g","url":"https:\/\/secure.gravatar.com\/avatar\/ccdd701717dc93db07d73e0c11dbbb8b91524cccc3bfbd3baea83667a3ebf5d6?s=96&d=mm&r=g","height":96,"width":96}},"publisher":{"@type":"Organization","name":"anel.cz","logo":{"@type":"ImageObject","@id":"\/logo.png","url":"\/logo.png","width":600,"height":60}},"image":{"@type":"ImageObject","@id":"https:\/\/www.anel.cz\/wp-content\/uploads\/container-2602812_960_720_1.jpg","url":"https:\/\/www.anel.cz\/wp-content\/uploads\/container-2602812_960_720_1.jpg","height":0,"width":0},"url":"https:\/\/www.anel.cz\/pevne-prepravky\/","about":["V\u00fdrobky"],"wordCount":412,"articleBody":"        V\u017edycky jsem si \u0159\u00edkala, \u017ee je lep\u0161\u00ed m\u00edt doma v\u017edycky n\u011bco pro p\u0159\u00edpad nouze, ne\u017e kdy\u017e n\u011bco potom pot\u0159ebujete a doma to v\u016fbec nem\u00e1te. A kdy\u017e jsem tohle \u0159ekla sv\u00e9 rodin\u011b, tak v\u017edycky jenom kroutili hlavou. Proto\u017ee moje rodina mi potom v\u017edycky \u0159\u00edkala, \u017ee jsem takov\u00e1 vete\u0161nice, \u017ee jenom pr\u00fd sb\u00edr\u00e1m n\u011bjak\u00e9 v\u011bci, kter\u00e9 potom ani nevyu\u017eiji a potom jsou doma jenom na nic. Ale j\u00e1 m\u00e1m na to samoz\u0159ejm\u011b \u00fapln\u011b jin\u00fd n\u00e1zor. Pr\u00fd potom zbyte\u010dn\u011b zab\u00edraj\u00ed m\u00edsto. Podle m\u00e9ho n\u00e1zoru je v\u017edy ka\u017ed\u00e1 v\u011bc, kter\u00e1 bude n\u011bkdy v budoucnu pot\u0159eba. Jenom\u017ee jsem jim nemohla d\u00e1t za pravdu. Proto\u017ee podle m\u00e9ho n\u00e1zoru je v\u017edycky opravdu nejlep\u0161\u00ed, kdy\u017e lid\u00e9 maj\u00ed doma n\u011bco nav\u00edc, ne\u017e kdy\u017e potom to hledaj\u00ed a chyb\u00ed jim to. A to sam\u00e9 plat\u00ed tak\u00e9 t\u0159eba o euro p\u0159epravk\u00e1ch. Proto\u017ee j\u00e1 tyto p\u0159epravky m\u00e1m r\u00e1da. A ihned v\u00e1m \u0159eknu pro\u010d. Proto\u017ee jsem sice pracovala pro jednu firmu, kde jsme tyto euro p\u0159epravky v\u017edycky m\u011bli. A ty to euro p\u0159epravky jsou opravdu kvalitn\u00ed a jsou pevn\u00e9, tak\u017ee nemus\u00edte m\u00edt obavy anebo se ob\u00e1vat toho, \u017ee by se v\u00e1m t\u0159eba zbo\u017e\u00ed v euro p\u0159epravk\u00e1ch schoellerallibert.com n\u011bjak poni\u010dilo nebo rozbilo. A tyto kvalitn\u00ed euro p\u0159epravky se\u017eenete na webov\u00e9 str\u00e1nce schoellerallibert.com, kde se dozv\u00edte tak\u00e9 mnoho informac\u00ed o tom, na co je vhodn\u00e1 euro p\u0159epravka.A v euro p\u0159epravce nemus\u00edte skladovat jenom zbo\u017e\u00ed doma, ale samoz\u0159ejm\u011b m\u016f\u017eete v n\u011bm tak\u00e9 p\u0159ev\u00e1\u017eet zbo\u017e\u00ed, kter\u00e9 je potom d\u00e1le na prodej. J\u00e1 sama jsem s t\u011bmito p\u0159epravkami velice spokojen\u00e1. Tyto euro p\u0159epravky se tak\u00e9 prod\u00e1vaj\u00ed v r\u016fzn\u00fdch velikostech a barv\u00e1ch, tak\u017ee m\u00e1te jistotu, \u017ee nebudete m\u00edt v\u0161echno stejn\u00e9. J\u00e1 jsem a\u017e jsem si obl\u00edbila v\u017edycky r\u016fzn\u00e9 barvy a velikosti, p\u0159esn\u011b podle toho, jak velkou euro p\u0159epravku osobn\u011b pot\u0159ebuji. Pokud v\u00e1\u017en\u011b chcete \u0161et\u0159it m\u00edsto a tak\u00e9 \u010das, tak na t\u00e9to webov\u00e9 str\u00e1nce najdete opravdu mnoho v\u011bc\u00ed, kter\u00e9 se v\u00e1m budou hodit, nejenom tyto euro p\u0159epravky.                                                                                                                                                                                                                                                                                                                                                                                           4.5\/5 - (15 votes)        "},{"@context":"https:\/\/schema.org\/","@type":"BreadcrumbList","itemListElement":[{"@type":"ListItem","position":1,"name":"Pevn\u00e9 p\u0159epravky","item":"https:\/\/www.anel.cz\/pevne-prepravky\/#breadcrumbitem"}]}]