[{"@context":"https:\/\/schema.org\/","@type":"Article","@id":"https:\/\/www.anel.cz\/prakticky-darek\/#Article","mainEntityOfPage":"https:\/\/www.anel.cz\/prakticky-darek\/","headline":"Praktick\u00fd d\u00e1rek","name":"Praktick\u00fd d\u00e1rek","description":"P\u0159em\u00fd\u0161l\u00edte, co va\u0161emu prchliv\u00e9mu impulsivn\u00edmu man\u017eelovi po\u0159\u00eddit k v\u00e1noc\u016fm? M\u011blo by to b\u00fdt n\u011bco hezk\u00e9ho, hodnotn\u00e9ho a sou\u010dasn\u011b praktick\u00e9ho, co by jej nejen pot\u011b\u0161ilo, ale bylo z\u00e1rove\u0148 i u\u017eite\u010dn\u00e9 nejen pro n\u011bj sam\u00e9ho, ale taky tak trochu pro celou va\u0161i rodinu? M\u00e1me pro v\u00e1s tip! Mo\u017en\u00e1 nezvykl\u00e9, ale rozumn\u00e9 Co kdybyste p\u0159i v\u00fdb\u011bru v\u011bnovala t\u0159eba [&hellip;]","datePublished":"2025-09-02","dateModified":"2025-09-02","author":{"@type":"Person","@id":"https:\/\/www.anel.cz\/author\/#Person","name":"","url":"https:\/\/www.anel.cz\/author\/","identifier":1,"image":{"@type":"ImageObject","@id":"https:\/\/secure.gravatar.com\/avatar\/ccdd701717dc93db07d73e0c11dbbb8b91524cccc3bfbd3baea83667a3ebf5d6?s=96&d=mm&r=g","url":"https:\/\/secure.gravatar.com\/avatar\/ccdd701717dc93db07d73e0c11dbbb8b91524cccc3bfbd3baea83667a3ebf5d6?s=96&d=mm&r=g","height":96,"width":96}},"publisher":{"@type":"Organization","name":"anel.cz","logo":{"@type":"ImageObject","@id":"\/logo.png","url":"\/logo.png","width":600,"height":60}},"url":"https:\/\/www.anel.cz\/prakticky-darek\/","wordCount":190,"articleBody":"P\u0159em\u00fd\u0161l\u00edte, co va\u0161emu prchliv\u00e9mu impulsivn\u00edmu man\u017eelovi po\u0159\u00eddit k v\u00e1noc\u016fm? M\u011blo by to b\u00fdt n\u011bco hezk\u00e9ho, hodnotn\u00e9ho a sou\u010dasn\u011b praktick\u00e9ho, co by jej nejen pot\u011b\u0161ilo, ale bylo z\u00e1rove\u0148 i u\u017eite\u010dn\u00e9 nejen pro n\u011bj sam\u00e9ho, ale taky tak trochu pro celou va\u0161i rodinu? M\u00e1me pro v\u00e1s tip! Mo\u017en\u00e1 nezvykl\u00e9, ale rozumn\u00e9 Co kdybyste p\u0159i v\u00fdb\u011bru v\u011bnovala t\u0159eba pozornost takov\u00fdm interi\u00e9rov\u00fdm dve\u0159\u00edm? Copak? Zd\u00e1 se v\u00e1m to mimo m\u00edsu? Ale to snad ne! Copak se v\u00e1\u0161 dom\u00e1c\u00ed vztekloun m\u00e1lo naml\u00e1til dve\u0159mi p\u0159i sv\u00fdch pravideln\u00fdch z\u00e1chvatech vzteku? Tak vid\u00edte! Tak po\u0159i\u010fte za star\u00e9, odrban\u00e9 a oml\u00e1cen\u00e9 ze sololitu, d\u0159evot\u0159\u00edsky a pap\u00edrov\u00e9ho sendvi\u010de nov\u00e9, modern\u00ed a mnohem kvalitn\u011bj\u0161\u00ed typy!Lep\u0161\u00ed d\u0159evot\u0159\u00edskov\u00e9 desky, p\u0159\u00edpadn\u011b d\u0159ev\u011bn\u00fd mas\u00edv, skv\u011bl\u00e9 t\u011bsn\u011bn\u00ed a odoln\u00e9 kov\u00e1n\u00ed. A to by bylo, aby si je neobl\u00edbil!                                                                                                                                                                                                                                                                                                                                                                                                "},{"@context":"https:\/\/schema.org\/","@type":"BreadcrumbList","itemListElement":[{"@type":"ListItem","position":1,"name":"Praktick\u00fd d\u00e1rek","item":"https:\/\/www.anel.cz\/prakticky-darek\/#breadcrumbitem"}]}]