[{"@context":"https:\/\/schema.org\/","@type":"Article","@id":"https:\/\/www.anel.cz\/prima-kolagen\/#Article","mainEntityOfPage":"https:\/\/www.anel.cz\/prima-kolagen\/","headline":"Prima kolagen","name":"Prima kolagen","description":"V\u017edycky jsem si \u0159\u00edkala, \u017ee kdy\u017e mi bylo n\u011bjak tak \u0161estn\u00e1ct nebo sedmn\u00e1ct let, \u017ee m\u011b vlastn\u011b v\u016fbec \u017e\u00e1dn\u00e9 vr\u00e1sky a nebo st\u00e1rnut\u00ed v\u016fbec nikdy nepotkaj\u00ed. J\u00e1 v\u00edm, \u017ee se sm\u011bjete a div\u00edte se tomu, jak jsem mohla v sedmn\u00e1cti letech b\u00fdt je\u0161t\u011b tak bl\u00e1hov\u00e1 a naivn\u00ed. Jenom\u017ee si vemte, \u017ee vy si v t\u00e9 [&hellip;]","datePublished":"2023-08-27","dateModified":"2023-08-27","author":{"@type":"Person","@id":"https:\/\/www.anel.cz\/author\/#Person","name":"","url":"https:\/\/www.anel.cz\/author\/","identifier":1,"image":{"@type":"ImageObject","@id":"https:\/\/secure.gravatar.com\/avatar\/ccdd701717dc93db07d73e0c11dbbb8b91524cccc3bfbd3baea83667a3ebf5d6?s=96&d=mm&r=g","url":"https:\/\/secure.gravatar.com\/avatar\/ccdd701717dc93db07d73e0c11dbbb8b91524cccc3bfbd3baea83667a3ebf5d6?s=96&d=mm&r=g","height":96,"width":96}},"publisher":{"@type":"Organization","name":"anel.cz","logo":{"@type":"ImageObject","@id":"\/logo.png","url":"\/logo.png","width":600,"height":60}},"image":{"@type":"ImageObject","@id":"https:\/\/www.anel.cz\/wp-content\/uploads\/lipsticks-5893480_1280_1.jpg","url":"https:\/\/www.anel.cz\/wp-content\/uploads\/lipsticks-5893480_1280_1.jpg","height":0,"width":0},"url":"https:\/\/www.anel.cz\/prima-kolagen\/","about":["V\u00fdrobky"],"wordCount":458,"articleBody":"   V\u017edycky jsem si \u0159\u00edkala, \u017ee kdy\u017e mi bylo n\u011bjak tak \u0161estn\u00e1ct nebo sedmn\u00e1ct let, \u017ee m\u011b vlastn\u011b v\u016fbec \u017e\u00e1dn\u00e9 vr\u00e1sky a nebo st\u00e1rnut\u00ed v\u016fbec nikdy nepotkaj\u00ed. J\u00e1 v\u00edm, \u017ee se sm\u011bjete a div\u00edte se tomu, jak jsem mohla v sedmn\u00e1cti letech b\u00fdt je\u0161t\u011b tak bl\u00e1hov\u00e1 a naivn\u00ed. Jenom\u017ee si vemte, \u017ee vy si v t\u00e9 dob\u011b p\u0159ipad\u00e1te vlastn\u011b \u00fapln\u011b nejsiln\u011bj\u0161\u00ed a nejkr\u00e1sn\u011bj\u0161\u00ed, \u017ee vlastn\u011b ani \u017e\u00e1dn\u00e9 kr\u00e9my proti vr\u00e1sk\u00e1m nebudete nikdy pot\u0159ebovat. Jenom\u017ee jak u\u017e to tak b\u00fdv\u00e1, tak opak b\u00fdv\u00e1 n\u011bkdy pravdou. Ne tedy sice jenom n\u011bkdy, ale ve v\u011bt\u0161in\u011b p\u0159\u00edpadech je v\u017edycky opak pravdou. Tak\u017ee kdy\u017e mi potom bylo asi necel\u00fdch t\u0159icet let, n\u011bkdy mezi dvac\u00e1t\u00fdm osm\u00fdm rokem, tak jsem si v\u0161imla, \u017ee u\u017e k\u016f\u017ee pod m\u00fdma o\u010dima nen\u00ed tak extra vyhlazen\u00e1, jako to bylo t\u0159eba v p\u011btadvaceti letech. A tak\u00e9 moje \u010delo u\u017e za\u017eilo to, jak se st\u00e1le mra\u010d\u00edm a nebo jak se sm\u011bji, tak je vlnkovat\u00e9. J\u00e1 v\u00edm, \u017ee mnoho lid\u00ed si \u0159\u00edk\u00e1, \u017ee st\u00e1rnout se m\u00e1 s gr\u00e1ci\u00ed a \u017ee vr\u00e1sky od sm\u00edchu jsou p\u011bkn\u00e9. Jenom\u017ee tohle je \u00fapln\u00e1 blbost. Absolutn\u011b nech\u00e1pu, kdo vymyslel to, \u017ee vr\u00e1sky od sm\u00edchu jsou kr\u00e1sn\u00e9. Pro m\u011b tedy ne a nesn\u00e1\u0161\u00edm je.I kdy\u017e se r\u00e1da sm\u011bji, n\u011bjak\u00e9 vr\u00e1sky bych opravdu m\u00edt necht\u011bla. Jsem proto r\u00e1da, \u017ee existuj\u00ed kvalitn\u00ed kr\u00e9my s kolagenem a nebo tak\u00e9 kolagenov\u00e9 vitam\u00edny. A j\u00e1 sama jsem si obl\u00edbila kolagen, kter\u00fd nejenom kr\u00e1sn\u011b o\u017eiv\u00ed ple\u0165 a zpevn\u00ed ple\u0165, ale tak\u00e9 vyhlad\u00ed jemn\u00e9 vr\u00e1sky. A tak\u00e9 hlavn\u011b kolagen pom\u00e1h\u00e1 na zdrav\u00e9 a pevn\u00e9 nehty a na zdrav\u00e9 vlasy. A tohle je p\u0159esn\u011b to, co jsem cht\u011bla. Nechci m\u00edt jenom kr\u00e1snou a mladistvou ple\u0165. D\u00edky kolagenu tak\u00e9 m\u00e1m u\u017e i pevn\u00e9 nehty a zdrav\u00e9 vlasy.roto jsem si \u0159ekla, \u017ee budu dal\u0161\u00ed milovnice toho, kdo ho bude m\u00edt r\u00e1d kolagen. U\u017e\u00edv\u00e1m u\u017e zinek a tak\u00e9 vitam\u00edn B, tak\u017ee do toho je\u0161t\u011b p\u0159id\u00e1m kolagen a budu se t\u011b\u0161it, \u017ee t\u0159eba za p\u016fl roku bude m\u00e1 ple\u0165 opravdu k nerozezn\u00e1n\u00ed. J\u00e1 budu t\u0159eba vypadat o deset let mlad\u0161\u00ed. \u0158ekn\u011bte mi, kdo by tohle necht\u011bl? Proto\u017ee \u010das nejde o\u0161\u00e1lit a \u010das nezastav\u00edme, ale m\u016f\u017eeme si to zp\u0159\u00edjemnit t\u00edm, \u017ee budeme st\u00e1rnout pomaleji.                                                                                                                                                                                                                                                                                                                                                                                                   "},{"@context":"https:\/\/schema.org\/","@type":"BreadcrumbList","itemListElement":[{"@type":"ListItem","position":1,"name":"Prima kolagen","item":"https:\/\/www.anel.cz\/prima-kolagen\/#breadcrumbitem"}]}]