[{"@context":"https:\/\/schema.org\/","@type":"Article","@id":"https:\/\/www.anel.cz\/sny-o-vlastnim-bydleni\/#Article","mainEntityOfPage":"https:\/\/www.anel.cz\/sny-o-vlastnim-bydleni\/","headline":"Sny o vlastn\u00edm bydlen\u00ed","name":"Sny o vlastn\u00edm bydlen\u00ed","description":"Ka\u017ed\u00fd z n\u00e1s m\u00e1 jist\u011b tu svou p\u0159edstavu o tom, jak by vypadal pokoj, byt \u010di d\u016fm jeho sn\u016f. Pochopiteln\u011b se tyto p\u0159edstavy u jednotliv\u00fdch lid\u00ed dost li\u0161\u00ed. Ne v\u017edy se d\u00e1 tento sen zcela realizovat, ale pro\u010d se nepokusit alespo\u0148 p\u0159ibl\u00ed\u017eit t\u011bmto p\u0159edstav\u00e1m a sm\u011bl\u00fdm pl\u00e1n\u016fm? V\u017edy\u0165 mnohdy k tomu sta\u010d\u00ed m\u00e1lo, aby byl [&hellip;]","datePublished":"2023-05-13","dateModified":"2024-05-20","author":{"@type":"Person","@id":"https:\/\/www.anel.cz\/author\/#Person","name":"","url":"https:\/\/www.anel.cz\/author\/","identifier":1,"image":{"@type":"ImageObject","@id":"https:\/\/secure.gravatar.com\/avatar\/ccdd701717dc93db07d73e0c11dbbb8b91524cccc3bfbd3baea83667a3ebf5d6?s=96&d=mm&r=g","url":"https:\/\/secure.gravatar.com\/avatar\/ccdd701717dc93db07d73e0c11dbbb8b91524cccc3bfbd3baea83667a3ebf5d6?s=96&d=mm&r=g","height":96,"width":96}},"publisher":{"@type":"Organization","name":"anel.cz","logo":{"@type":"ImageObject","@id":"\/logo.png","url":"\/logo.png","width":600,"height":60}},"url":"https:\/\/www.anel.cz\/sny-o-vlastnim-bydleni\/","wordCount":264,"articleBody":"Ka\u017ed\u00fd z n\u00e1s m\u00e1 jist\u011b tu svou p\u0159edstavu o tom, jak by vypadal pokoj, byt \u010di d\u016fm jeho sn\u016f. Pochopiteln\u011b se tyto p\u0159edstavy u jednotliv\u00fdch lid\u00ed dost li\u0161\u00ed. Ne v\u017edy se d\u00e1 tento sen zcela realizovat, ale pro\u010d se nepokusit alespo\u0148 p\u0159ibl\u00ed\u017eit t\u011bmto p\u0159edstav\u00e1m a sm\u011bl\u00fdm pl\u00e1n\u016fm? V\u017edy\u0165 mnohdy k tomu sta\u010d\u00ed m\u00e1lo, aby byl pokoj vl\u00eddn\u011bj\u0161\u00ed, \u00fatuln\u011bj\u0161\u00ed, abyste se v n\u011bm c\u00edtili l\u00e9pe a abyste se do n\u011bj cel\u00fd den t\u011b\u0161ili. Mo\u017en\u00e1 sta\u010d\u00ed dobr\u00e1 volba koberce Praha k tomu, aby pokoj z\u00edskal zcela nov\u00fd r\u00e1z.Spl\u0148te si ten sv\u016fjA jeliko\u017e v\u00edme, \u017ee takov\u00fdch sn\u016f m\u016f\u017ee b\u00fdt nekone\u010dn\u00e1 \u0159ada, sna\u017e\u00edme se o to, aby nab\u00eddka vzor\u016f n\u00e1mi dod\u00e1van\u00fdch koberc\u016f byla co nej\u0161ir\u0161\u00ed, nekone\u010dn\u00e1 b\u00fdt, alespo\u0148 prozat\u00edm, nem\u016f\u017ee. Zkuste se pod\u00edvat zcela nez\u00e1vazn\u011b do na\u0161eho vzorn\u00edku. Naleznete zde v\u0161echny mo\u017en\u00e9 tipy a druhy. Hled\u00e1te-li tlumen\u00e9 t\u00f3ny \u010di naopak j\u00e1sav\u00e9 barvy? U n\u00e1s je najdete. Chcete obl\u00edben\u00fd vzor do d\u011btsk\u00e9ho pokoje s motivem silnic a dom\u016f? I to u n\u00e1s m\u00e1me. Zalistujte nab\u00eddkou a jist\u011b V\u00e1m n\u011bkter\u00fd tip padne do oka. Sna\u017e\u00edme se nab\u00edzet pro V\u00e1\u0161 domov \u010di kancel\u00e1\u0159 maximum, proto si jist\u011b vyberete krytinu do kuchyn\u011b, do ob\u00fdvac\u00edho pokoje i do zasedac\u00ed m\u00edstnosti.                                                                                                                                                                                                                                                                                                                                                                                        4.3\/5 - (9 votes)        "},{"@context":"https:\/\/schema.org\/","@type":"BreadcrumbList","itemListElement":[{"@type":"ListItem","position":1,"name":"Sny o vlastn\u00edm bydlen\u00ed","item":"https:\/\/www.anel.cz\/sny-o-vlastnim-bydleni\/#breadcrumbitem"}]}]