[{"@context":"https:\/\/schema.org\/","@type":"Article","@id":"https:\/\/www.anel.cz\/stylove-modni-doplnky-pro-muze\/#Article","mainEntityOfPage":"https:\/\/www.anel.cz\/stylove-modni-doplnky-pro-muze\/","headline":"Stylov\u00e9 m\u00f3dn\u00ed dopl\u0148ky pro mu\u017ee","name":"Stylov\u00e9 m\u00f3dn\u00ed dopl\u0148ky pro mu\u017ee","description":"Vytvo\u0159it outfit pro mu\u017ee nen\u00ed snadn\u00e9, proto\u017ee v\u011bt\u0161ina z nich nenos\u00ed elegantn\u00ed oble\u010den\u00ed, ale chod\u00ed ven sp\u00ed\u0161e tak n\u011bjak sportovn\u011bji oble\u010den\u00ed. U sportovn\u00edho oble\u010den\u00ed je v\u011bt\u0161inou guma a nebo \u0161\u0148\u016frka, tak\u017ee nen\u00ed pot\u0159eba nosit opasek. D\u017e\u00edny, spole\u010densk\u00e9 kalhoty nebo \u0161otky naopak vy\u017eaduj\u00ed opasek. Jak u\u017e to u p\u00e1dn\u00e9 m\u00f3dy b\u00fdv\u00e1, v\u00fdb\u011br nen\u00ed zrovna dvakr\u00e1t velk\u00fd. [&hellip;]","datePublished":"2023-05-27","dateModified":"2023-06-27","author":{"@type":"Person","@id":"https:\/\/www.anel.cz\/author\/#Person","name":"","url":"https:\/\/www.anel.cz\/author\/","identifier":1,"image":{"@type":"ImageObject","@id":"https:\/\/secure.gravatar.com\/avatar\/ccdd701717dc93db07d73e0c11dbbb8b91524cccc3bfbd3baea83667a3ebf5d6?s=96&d=mm&r=g","url":"https:\/\/secure.gravatar.com\/avatar\/ccdd701717dc93db07d73e0c11dbbb8b91524cccc3bfbd3baea83667a3ebf5d6?s=96&d=mm&r=g","height":96,"width":96}},"publisher":{"@type":"Organization","name":"anel.cz","logo":{"@type":"ImageObject","@id":"\/logo.png","url":"\/logo.png","width":600,"height":60}},"image":{"@type":"ImageObject","@id":"https:\/\/www.anel.cz\/wp-content\/uploads\/jacob-spencer-NXWZj96mgfs-unsplash.jpg","url":"https:\/\/www.anel.cz\/wp-content\/uploads\/jacob-spencer-NXWZj96mgfs-unsplash.jpg","height":0,"width":0},"url":"https:\/\/www.anel.cz\/stylove-modni-doplnky-pro-muze\/","about":["V\u00fdrobky"],"wordCount":427,"articleBody":"   Vytvo\u0159it outfit pro mu\u017ee nen\u00ed snadn\u00e9, proto\u017ee v\u011bt\u0161ina z nich nenos\u00ed elegantn\u00ed oble\u010den\u00ed, ale chod\u00ed ven sp\u00ed\u0161e tak n\u011bjak sportovn\u011bji oble\u010den\u00ed. U sportovn\u00edho oble\u010den\u00ed je v\u011bt\u0161inou guma a nebo \u0161\u0148\u016frka, tak\u017ee nen\u00ed pot\u0159eba nosit opasek. D\u017e\u00edny, spole\u010densk\u00e9 kalhoty nebo \u0161otky naopak vy\u017eaduj\u00ed opasek. Jak u\u017e to u p\u00e1dn\u00e9 m\u00f3dy b\u00fdv\u00e1, v\u00fdb\u011br nen\u00ed zrovna dvakr\u00e1t velk\u00fd. Ale i tak lze v tom spr\u00e1vn\u00e9m obchod\u011b naj\u00edt to co zrovna pot\u0159ebujete. Chcete kvalitn\u00ed, hezk\u00fd a hlavn\u011b ko\u017een\u00fd opasek?Pro\u010d zvolit k\u016f\u017ei? Mnoho lid\u00ed i v dne\u0161n\u00ed dob\u011b ned\u00e1 dopustit na k\u016f\u017ei. Nos\u00ed ji \u017eeny i mu\u017e, vyr\u00e1b\u00ed se z n\u00ed nejen oble\u010den\u00ed a boty, ale p\u0159edev\u0161\u00edm dopl\u0148ky. V mnoha obchodech najdete ko\u017een\u00e9 ta\u0161ky, kabelky, opasky, rukavice a mnoho dal\u0161\u00edho. Ko\u017een\u00e9 v\u00fdrobky maj\u00ed dlouhou tradici, vyr\u00e1b\u00ed se z n\u00ed v\u00fdrobky u\u017e tis\u00edce let, a to proto, \u017ee k\u016f\u017ee je pevn\u00e1, na dotek p\u0159\u00edjemn\u00e1, a hlavn\u011b vydr\u017e\u00ed p\u0159i spr\u00e1vn\u00e9 p\u00e9\u010di i cel\u00e9 generace. Ko\u017een\u00e9 v\u00fdrobky maj\u00ed svoje m\u00edsto v d\u00e1msk\u00fdch i p\u00e1nsk\u00fdch \u0161atn\u00edc\u00edch.Ko\u017een\u00e9 opasky p\u00e1nsk\u00e9 jsou trendy i dnes, a jejich v\u00fdhodou je, \u017ee se daj\u00ed vyrobit z \u010dern\u00e9, hn\u011bd\u00e9 ale i z barven\u00e9 k\u016f\u017ee. Jako spona se d\u00e1 pou\u017e\u00edt klasick\u00e1 nebo modern\u00ed spona. U v\u00fdroby na zak\u00e1zku je mo\u017en\u00e9 vytvo\u0159it jedine\u010dn\u00fd opasek, kter\u00fd obdarovan\u00e9mu vydr\u017e\u00ed velmi dlouho. K\u016f\u017ee se s no\u0161en\u00edm p\u0159izp\u016fsob\u00ed, a to plat\u00ed nejen pro boty, ale i pro zm\u00edn\u011bn\u00fd opasek.Jak o k\u016f\u017ei pe\u010dovat? Pokud chcete nosit ko\u017een\u00e9 v\u00fdrobky, rozhodn\u011b byste nem\u011bli zapom\u00ednat na p\u00e9\u010di o n\u011b. Je d\u016fle\u017eit\u00e9 ji pravideln\u011b impregnovat, ne\u010distit klasick\u00fdmi \u010distidly ale speci\u00e1ln\u00edm p\u0159\u00edpravkem na k\u016f\u017ei. Je dobr\u00e9 ob\u010das o\u0161et\u0159it nejv\u00edce nam\u00e1han\u00e9 \u010d\u00e1sti v\u00fdrobku, aby nepraskal. Vyberte si z \u0161irok\u00e9 nab\u00eddky ko\u017een\u00fdch v\u00fdrobk\u016f pro mu\u017ee i \u017eeny. Najdete zde nejen modern\u00ed v\u00fdrobky, ale i v\u00fdrobky na historick\u00e9 ud\u00e1losti, kam se vylo\u017een\u011b mus\u00ed nosit ko\u017een\u00e9 v\u00fdrobky, proto\u017ee v d\u0159\u00edv\u011bj\u0161\u00edch dob\u00e1ch nic jin\u00e9ho nebylo. Vyrobit lze na p\u0159\u00e1n\u00ed i personalizovan\u00e9 dopl\u0148ky nebo ta\u0161ky.                                                                                                                                                                                                                                                                                                                                                                                          3.2\/5 - (11 votes)        "},{"@context":"https:\/\/schema.org\/","@type":"BreadcrumbList","itemListElement":[{"@type":"ListItem","position":1,"name":"Stylov\u00e9 m\u00f3dn\u00ed dopl\u0148ky pro mu\u017ee","item":"https:\/\/www.anel.cz\/stylove-modni-doplnky-pro-muze\/#breadcrumbitem"}]}]