[{"@context":"https:\/\/schema.org\/","@type":"Article","@id":"https:\/\/www.anel.cz\/vyuziti-klicenek\/#Article","mainEntityOfPage":"https:\/\/www.anel.cz\/vyuziti-klicenek\/","headline":"Vyu\u017eit\u00ed kl\u00ed\u010denek","name":"Vyu\u017eit\u00ed kl\u00ed\u010denek","description":"Pamatujete si devades\u00e1t\u00e1 l\u00e9ta, kdy ka\u017ed\u00fd nosil kl\u00ed\u010denku zav\u011b\u0161enou z kapsy ven a myslel si, kdo v\u00ed jak\u00fd nen\u00ed drs\u0148\u00e1k? Tato m\u00f3da v jednu dobu naprosto pohltila ml\u00e1de\u017e, a i n\u011bkter\u00e9 dosp\u011bl\u00e9. Zkr\u00e1tka pokud jste nem\u011bli kl\u00ed\u010denku zav\u011b\u0161enou z kapsy ven, tak jste nemohli vyj\u00edt z domu. Tyto kl\u00ed\u010denky se vyr\u00e1b\u011bly v\u0161ak za \u00fapln\u011b jin\u00fdm [&hellip;]","datePublished":"2024-11-02","dateModified":"2024-10-12","author":{"@type":"Person","@id":"https:\/\/www.anel.cz\/author\/#Person","name":"","url":"https:\/\/www.anel.cz\/author\/","identifier":1,"image":{"@type":"ImageObject","@id":"https:\/\/secure.gravatar.com\/avatar\/ccdd701717dc93db07d73e0c11dbbb8b91524cccc3bfbd3baea83667a3ebf5d6?s=96&d=mm&r=g","url":"https:\/\/secure.gravatar.com\/avatar\/ccdd701717dc93db07d73e0c11dbbb8b91524cccc3bfbd3baea83667a3ebf5d6?s=96&d=mm&r=g","height":96,"width":96}},"publisher":{"@type":"Organization","name":"anel.cz","logo":{"@type":"ImageObject","@id":"\/logo.png","url":"\/logo.png","width":600,"height":60}},"image":{"@type":"ImageObject","@id":"https:\/\/www.anel.cz\/wp-content\/uploads\/%C5%BElut%C3%A1%20%C5%A1%C5%88%C5%AFrka%201_1.jpg","url":"https:\/\/www.anel.cz\/wp-content\/uploads\/%C5%BElut%C3%A1%20%C5%A1%C5%88%C5%AFrka%201_1.jpg","height":0,"width":0},"url":"https:\/\/www.anel.cz\/vyuziti-klicenek\/","about":["V\u00fdrobky"],"wordCount":430,"articleBody":"         Pamatujete si devades\u00e1t\u00e1 l\u00e9ta, kdy ka\u017ed\u00fd nosil kl\u00ed\u010denku zav\u011b\u0161enou z kapsy ven a myslel si, kdo v\u00ed jak\u00fd nen\u00ed drs\u0148\u00e1k? Tato m\u00f3da v jednu dobu naprosto pohltila ml\u00e1de\u017e, a i n\u011bkter\u00e9 dosp\u011bl\u00e9. Zkr\u00e1tka pokud jste nem\u011bli kl\u00ed\u010denku zav\u011b\u0161enou z kapsy ven, tak jste nemohli vyj\u00edt z domu. Tyto kl\u00ed\u010denky se vyr\u00e1b\u011bly v\u0161ak za \u00fapln\u011b jin\u00fdm \u00fa\u010delem, a to jako kl\u00ed\u010denky na krk. Prim\u00e1rn\u011b tak m\u011bly slou\u017eit tak, \u017ee jste si daly kl\u00ed\u010de na kl\u00ed\u010denku a zav\u011bsily si j\u00ed na krk. Ov\u0161em za t\u00edmto \u00fa\u010delem se vyu\u017e\u00edvala kl\u00ed\u010denka minim\u00e1ln\u011b a ka\u017ed\u00fd j\u00ed nechal rad\u0161i vyset z kapsy, co\u017e p\u016fsobilo mnohem l\u00e9pe.  V\u00fdhodou toho, \u017ee jste nechaly kl\u00ed\u010denku vyset z kapsy bylo to, \u017ee jste j\u00ed d\u00edky karabin\u011b mohli p\u0159ichytit k rifl\u00edm a nikdo v\u00e1m j\u00ed nemohl ukradnout. Jednalo se o perfektn\u00ed volbu no\u0161en\u00ed kl\u00ed\u010d\u016f. Dal\u0161\u00ed v\u011bc\u00ed bylo, \u017ee jste si je mohli po\u0159\u00eddit v nejr\u016fzn\u011bj\u0161\u00edch proveden\u00ed, a to i zna\u010dkov\u00e9. Tento bum byl opravdu velk\u00fd a ka\u017ed\u00fd, kdo to za\u017eil m\u011b d\u00e1 za pravdu. Kl\u00ed\u010de na krku nav\u00edc dost zavazely, pokud jste nosily opravdu velk\u00fd svazek. V dne\u0161n\u00ed dob\u011b se kl\u00ed\u010denky na krk nevytratily, ale m\u00e1me je tu dodnes. Ov\u0161em v dne\u0161n\u00ed dob\u011b u\u017e nen\u00ed m\u00f3dn\u00ed je nosit zav\u011b\u0161en\u00e9 ven z kapsy, ale prim\u00e1rn\u011b je lid\u00e9 nos\u00ed opravdu na krku.   Sp\u00ed\u0161e se v\u0161ak jedn\u00e1 o no\u0161en\u00ed \u010dipu od dve\u0159\u00ed a ne kl\u00ed\u010d\u016f. Pokud denn\u011b projdete jedn\u011bmi dve\u0159mi v\u00edcekr\u00e1t a nechce se v\u00e1m neust\u00e1le vytahovat \u010dip, tak j\u00e1 kl\u00ed\u010denka ide\u00e1ln\u00ed. Dal\u0161\u00ed vyu\u017eit\u00ed je zaru\u010den\u011b u ve\u0159ejn\u00e9ho sektoru, jako je prodejna elektro, kde m\u00e1 ka\u017ed\u00fd na kl\u00ed\u010dence zav\u011b\u0161enou visa\u010dku. D\u00edky tomu v\u00edce, koho oslovit a u\u0161et\u0159\u00edte si tak \u010das s hled\u00e1n\u00edm. D\u00e1le se vyu\u017e\u00edvaj\u00ed kl\u00ed\u010denky u lid\u00ed, kte\u0159\u00ed jsou u vchodov\u00fdch dve\u0159\u00ed a pracuj\u00ed jako recep\u010dn\u00ed a na veletrz\u00edch. V podstat\u011b se d\u00e1 \u0159\u00edct, \u017ee kl\u00ed\u010denky tu jsou u\u017e dlouhou dobu, a je\u0161t\u011b n\u011bjak\u00fd tne \u010das budou. Nezb\u00fdv\u00e1 ne\u017e vzpom\u00ednat na to, jak\u00e1 kdysi byla m\u00f3da a kde je Sv\u011bt nyn\u00ed. Je to nejen o zamy\u0161len\u00ed, ale sp\u00ed\u0161e o nostalgii.                                                                                                                                                                                                                                                                                                                                                                                          4.1\/5 - (8 votes)        "},{"@context":"https:\/\/schema.org\/","@type":"BreadcrumbList","itemListElement":[{"@type":"ListItem","position":1,"name":"Vyu\u017eit\u00ed kl\u00ed\u010denek","item":"https:\/\/www.anel.cz\/vyuziti-klicenek\/#breadcrumbitem"}]}]