[{"@context":"https:\/\/schema.org\/","@type":"Article","@id":"https:\/\/www.anel.cz\/zivot-a-skola\/#Article","mainEntityOfPage":"https:\/\/www.anel.cz\/zivot-a-skola\/","headline":"\u017divot a \u0161kola","name":"\u017divot a \u0161kola","description":"\u017divotn\u00ed styl je n\u011bco, co \u010dlov\u011bk \u017eije a pro\u017e\u00edv\u00e1, proto\u017ee mu to tak vyhovuje. Tedy samoz\u0159ejm\u011b to nemus\u00ed b\u00fdt v\u017edycky takov\u00e9, \u017ee by to \u010dlov\u011bku vyhovovalo. Zn\u00e1m dokonce n\u011bkolik lid\u00ed, kte\u0159\u00ed \u017eij\u00ed n\u011bjak\u00fd ur\u010dit\u00fd \u017eivotn\u00ed styl a standard, ale v\u016fbec jim to nevyhovuje. A to je hlavn\u011b z toho d\u016fvodu, \u017ee t\u0159eba nemaj\u00ed na lep\u0161\u00ed [&hellip;]","datePublished":"2022-10-25","dateModified":"2023-04-26","author":{"@type":"Person","@id":"https:\/\/www.anel.cz\/author\/#Person","name":"","url":"https:\/\/www.anel.cz\/author\/","identifier":1,"image":{"@type":"ImageObject","@id":"https:\/\/secure.gravatar.com\/avatar\/ccdd701717dc93db07d73e0c11dbbb8b91524cccc3bfbd3baea83667a3ebf5d6?s=96&d=mm&r=g","url":"https:\/\/secure.gravatar.com\/avatar\/ccdd701717dc93db07d73e0c11dbbb8b91524cccc3bfbd3baea83667a3ebf5d6?s=96&d=mm&r=g","height":96,"width":96}},"publisher":{"@type":"Organization","name":"anel.cz","logo":{"@type":"ImageObject","@id":"\/logo.png","url":"\/logo.png","width":600,"height":60}},"image":{"@type":"ImageObject","@id":"https:\/\/www.anel.cz\/wp-content\/uploads\/baby-552610_960_720.jpg","url":"https:\/\/www.anel.cz\/wp-content\/uploads\/baby-552610_960_720.jpg","height":0,"width":0},"url":"https:\/\/www.anel.cz\/zivot-a-skola\/","about":["\u017divotn\u00ed styl"],"wordCount":413,"articleBody":"\u017divotn\u00ed styl je n\u011bco, co \u010dlov\u011bk \u017eije a pro\u017e\u00edv\u00e1, proto\u017ee mu to tak vyhovuje. Tedy samoz\u0159ejm\u011b to nemus\u00ed b\u00fdt v\u017edycky takov\u00e9, \u017ee by to \u010dlov\u011bku vyhovovalo. Zn\u00e1m dokonce n\u011bkolik lid\u00ed, kte\u0159\u00ed \u017eij\u00ed n\u011bjak\u00fd ur\u010dit\u00fd \u017eivotn\u00ed styl a standard, ale v\u016fbec jim to nevyhovuje. A to je hlavn\u011b z toho d\u016fvodu, \u017ee t\u0159eba nemaj\u00ed na lep\u0161\u00ed \u017eivotn\u00ed styl pen\u00edze. J\u00e1 tomu rozum\u00edm a ch\u00e1pu to. Ale je opravdu mnoho lid\u00ed, kte\u0159\u00ed by si p\u0159\u00e1li zm\u011bnit sv\u016fj \u017eivotn\u00ed styl anebo p\u0159\u00edstup k \u017eivotu, ale nemaj\u00ed k tomu odhodl\u00e1n\u00ed anebo se styd\u00ed nebo na to nemaj\u00ed v\u016fbec pen\u00edze. Anebo ho do zm\u011bny nikdo nepodporuje. J\u00e1 bych taky mohla vypr\u00e1v\u011bt svoje.A to t\u0159eba nap\u0159\u00edklad to, \u017ee m\u016fj \u017eivotn\u00ed styl byl to, \u017ee jsem st\u00e1le cht\u011bla studovat. A cht\u011bla jsem m\u00edt vysokou \u0161kolu. A nakonec jsem vyzkou\u0161ela t\u0159i vysok\u00e9 \u0161koly, ale ani jednu jsem neud\u011blala.\u00a0Poka\u017ed\u00e9\u00a0jsem po prvn\u00edm semestru ode\u0161la, proto\u017ee jsem to nezvl\u00e1dala a nem\u011bla jsme na to\u00a0pot\u0159ebn\u00e9\u00a0znalosti, n\u011bjak m\u011b to ne\u0161lo a nem\u011bla jsme ani nikoho,\u00a0kdo\u00a0by mi pomohl. Nejhor\u0161\u00ed ale na tom bylo, \u017ee m\u011b v\u016fbec nikdo nepodporoval. Sp\u00ed\u0161e doma byli\u00a0v\u0161ichni\u00a0proti mn\u011b. A v\u0161ichni se mi sm\u00e1li, \u017ee na to nem\u00e1m a \u017ee nem\u00e1m chodit na vysokou \u0161kolu, kdy\u017e je to slo\u017eit\u00e9 a je to jenom pro chytr\u00e9 lidi. P\u0159i\u0161lo mi, \u017ee m\u011b\u00a0shazuj\u00ed. Opravdu jsem se pak c\u00edtila \u0161patn\u011b, \u017ee jsem rad\u011bji vysok\u00e9 \u0161koly ode\u0161la. A \u0159ekla jsem si, \u017ee na to v\u016fbec nem\u00e1m. Ale st\u00e1le jsem to zkou\u0161ela dokola, ale v\u017edycky v\u0161echno zbyte\u010dn\u011b. A bohu\u017eel se mi to nepoda\u0159ilo a m\u00e1m jen nakonec maturitu. Ale i za tohle jsem r\u00e1da. Nyn\u00ed m\u00e1m syna, kter\u00fd tak\u00e9 tou\u017e\u00ed j\u00edt na vysokou \u0161kolu, tak\u017ee ho v tomhle budu samoz\u0159ejm\u011b podporovat. A je logick\u00e9, \u017ee ka\u017ed\u00fd \u010dlov\u011bk m\u00e1 sv\u016fj \u017eivotn\u00ed styl a standardy, kter\u00e9 mu vyhovuj\u00ed anebo kter\u00fdch chce dos\u00e1hnout. A pokud m\u016fj syn bude cht\u00edt m\u00edt vysokou \u0161kolu, tak u m\u011b m\u00e1 stoprocentn\u00ed jistotu, \u017ee j\u00e1 ho v tom budu samoz\u0159ejm\u011b podporovat.\u00a0                                                                                                                                                                                                                                                                                                                                                                                        4.5\/5 - (15 votes)        "},{"@context":"https:\/\/schema.org\/","@type":"BreadcrumbList","itemListElement":[{"@type":"ListItem","position":1,"name":"\u017divot a \u0161kola","item":"https:\/\/www.anel.cz\/zivot-a-skola\/#breadcrumbitem"}]}]